{"id":256,"date":"2016-12-13T18:21:28","date_gmt":"2016-12-13T17:21:28","guid":{"rendered":"http:\/\/www.wohnmobil-soest.de\/?p=256"},"modified":"2024-11-11T11:54:34","modified_gmt":"2024-11-11T10:54:34","slug":"sun-living-v65sl","status":"publish","type":"post","link":"http:\/\/www.wohnmobil-soest.de\/index.php\/2016\/12\/13\/sun-living-v65sl\/","title":{"rendered":"Sun Living V65SL"},"content":{"rendered":"<p><strong><img loading=\"lazy\" decoding=\"async\" class=\"alignright size-medium wp-image-494\" src=\"http:\/\/www.pl-wohnmobilvermietung.de\/wp-content\/uploads\/2016\/12\/20240514_104826-400x266.jpg\" alt=\"\" width=\"400\" height=\"266\" \/>Sun Living V65SL<br \/>\n<\/strong>Kastenwagen Reisemobil<\/p>\n<p>gr\u00fcne Umweltplakette (Euro 6)<br \/>\n140 PS<br \/>\n6,4m lang<br \/>\n3,5 t, Zuladung 450 kg<br \/>\n4 Sitzpl\u00e4tze<br \/>\n2+1 Schlafpl\u00e4tze<\/p>\n<p><strong>Mietpreise:<\/strong><br \/>\nNebensaison: 95,-<br \/>\nHauptsaison: 105,-<br \/>\n<a href=\"http:\/\/www.pl-wohnmobilvermietung.de\/index.php\/preise\/\">zur \u00dcbersicht Mietpreise<\/a><\/p>\n<p>&nbsp;<\/p>\n<p><!--more--><\/p>\n<p><strong>Ausstattung<br \/>\n<\/strong>2er Fahrradtr\u00e4ger<strong><br \/>\n<\/strong>Markise<br \/>\nPilotensitze<br \/>\nElektr. SAT-Anlage zubuchbar<br \/>\nKennwood 8020 DAB<br \/>\nDoppelaugen R\u00fcckfahrkamera<br \/>\nTrumatic Combiheizung<br \/>\n2-Flammen Herd<br \/>\nFliegenschutzt\u00fcr<br \/>\nFahrrerhaus ist ausgestattet mit Klimaanlage, Tempomat, Zentralverriegelung<\/p>\n<p><strong>Sonderzubeh\u00f6r<\/strong><br \/>\ngegen Aufpreis m\u00f6glich, siehe Mietpreise<\/p>\n<p><img loading=\"lazy\" decoding=\"async\" class=\"aligncenter size-large wp-image-495\" src=\"http:\/\/www.pl-wohnmobilvermietung.de\/wp-content\/uploads\/2016\/12\/20240514_104750-899x1024.jpg\" alt=\"\" width=\"690\" height=\"786\" \/> <img loading=\"lazy\" decoding=\"async\" class=\"aligncenter size-large wp-image-494\" src=\"http:\/\/www.pl-wohnmobilvermietung.de\/wp-content\/uploads\/2016\/12\/20240514_104826-1024x680.jpg\" alt=\"\" width=\"690\" height=\"458\" \/> <img loading=\"lazy\" decoding=\"async\" class=\"aligncenter size-large wp-image-493\" src=\"http:\/\/www.pl-wohnmobilvermietung.de\/wp-content\/uploads\/2016\/12\/20240514_105159-768x1024.jpg\" alt=\"\" width=\"690\" height=\"920\" \/> <img loading=\"lazy\" decoding=\"async\" class=\"aligncenter size-large wp-image-492\" src=\"http:\/\/www.pl-wohnmobilvermietung.de\/wp-content\/uploads\/2016\/12\/20240514_105216-1024x739.jpg\" alt=\"\" width=\"690\" height=\"498\" \/> <img loading=\"lazy\" decoding=\"async\" class=\"aligncenter size-large wp-image-491\" src=\"http:\/\/www.pl-wohnmobilvermietung.de\/wp-content\/uploads\/2016\/12\/20240514_105219-793x1024.jpg\" alt=\"\" width=\"690\" height=\"891\" \/> <img loading=\"lazy\" decoding=\"async\" class=\"aligncenter size-large wp-image-490\" src=\"http:\/\/www.pl-wohnmobilvermietung.de\/wp-content\/uploads\/2016\/12\/20240514_105302-768x1024.jpg\" alt=\"\" width=\"690\" height=\"920\" \/> <img loading=\"lazy\" decoding=\"async\" class=\"aligncenter size-large wp-image-489\" src=\"http:\/\/www.pl-wohnmobilvermietung.de\/wp-content\/uploads\/2016\/12\/20240514_105333-768x1024.jpg\" alt=\"\" width=\"690\" height=\"920\" \/> <img loading=\"lazy\" decoding=\"async\" class=\"aligncenter size-large wp-image-488\" src=\"http:\/\/www.pl-wohnmobilvermietung.de\/wp-content\/uploads\/2016\/12\/20240514_105346-768x1024.jpg\" alt=\"\" width=\"690\" height=\"920\" \/><\/p>\n","protected":false},"excerpt":{"rendered":"<p>Sun Living V65SL Kastenwagen Reisemobil gr\u00fcne Umweltplakette (Euro 6) 140 PS 6,4m lang 3,5 t, Zuladung 450 kg 4 Sitzpl\u00e4tze 2+1 Schlafpl\u00e4tze Mietpreise: Nebensaison: 95,- Hauptsaison: 105,- zur \u00dcbersicht Mietpreise <a class=\"more-link\" href=\"http:\/\/www.wohnmobil-soest.de\/index.php\/2016\/12\/13\/sun-living-v65sl\/\"><\/a><\/p>\n","protected":false},"author":2,"featured_media":0,"comment_status":"closed","ping_status":"closed","sticky":false,"template":"","format":"standard","meta":{"footnotes":""},"categories":[5,4],"tags":[],"class_list":["post-256","post","type-post","status-publish","format-standard","hentry","category-wohnmobile-kaufen","category-wohnmobile-mieten"],"_links":{"self":[{"href":"http:\/\/www.wohnmobil-soest.de\/index.php\/wp-json\/wp\/v2\/posts\/256"}],"collection":[{"href":"http:\/\/www.wohnmobil-soest.de\/index.php\/wp-json\/wp\/v2\/posts"}],"about":[{"href":"http:\/\/www.wohnmobil-soest.de\/index.php\/wp-json\/wp\/v2\/types\/post"}],"author":[{"embeddable":true,"href":"http:\/\/www.wohnmobil-soest.de\/index.php\/wp-json\/wp\/v2\/users\/2"}],"replies":[{"embeddable":true,"href":"http:\/\/www.wohnmobil-soest.de\/index.php\/wp-json\/wp\/v2\/comments?post=256"}],"version-history":[{"count":9,"href":"http:\/\/www.wohnmobil-soest.de\/index.php\/wp-json\/wp\/v2\/posts\/256\/revisions"}],"predecessor-version":[{"id":409,"href":"http:\/\/www.wohnmobil-soest.de\/index.php\/wp-json\/wp\/v2\/posts\/256\/revisions\/409"}],"wp:attachment":[{"href":"http:\/\/www.wohnmobil-soest.de\/index.php\/wp-json\/wp\/v2\/media?parent=256"}],"wp:term":[{"taxonomy":"category","embeddable":true,"href":"http:\/\/www.wohnmobil-soest.de\/index.php\/wp-json\/wp\/v2\/categories?post=256"},{"taxonomy":"post_tag","embeddable":true,"href":"http:\/\/www.wohnmobil-soest.de\/index.php\/wp-json\/wp\/v2\/tags?post=256"}],"curies":[{"name":"wp","href":"https:\/\/api.w.org\/{rel}","templated":true}]}}